{"provider_url": "https://www.fozdoiguacu.pr.leg.br", "title": "Perguntas Frequentes", "html": "<p><img src=\"https://www.fozdoiguacu.pr.leg.br/imagens/perguntapng1.png/@@images/6af8ab01-77f1-44e2-8ce7-fc601e925f45.png\" alt=\"FAQ\" class=\"image-right\" title=\"d\u00favidas\" /></p>\r\n<h2>Perguntas</h2>\r\n<ol>\r\n<li><a class=\"anchor-link\" href=\"#qual-o-endere-o-da-c-mara-\" target=\"_self\" title=\"\">Qual o endere\u00e7o da C\u00e2mara?</a></li>\r\n<li><a class=\"anchor-link\" href=\"#como-chegar---c-mara-municipal-de-foz-do-igua-u-\" target=\"_self\" title=\"\">Como chegar \u00e0 C\u00e2mara Municipal de Foz?</a></li>\r\n<li><a class=\"anchor-link\" href=\"#qual---o-hor-rio-de-expediente-\" target=\"_self\" title=\"\">Qual \u00e9 o hor\u00e1rio de expediente?</a></li>\r\n<li><a class=\"anchor-link\" href=\"#as-sess-es-plen-rias-s-o-p-blicas-\" target=\"_self\" title=\"\">As Sess\u00f5es Plen\u00e1rias s\u00e3o p\u00fablicas?</a></li>\r\n<li><a class=\"anchor-link\" href=\"#quando-s-o-realizadas-as-sess-es-ordin-rias-\" target=\"_self\" title=\"\">Quando s\u00e3o realizadas as Sess\u00f5es Ordin\u00e1rias?</a></li>\r\n<li><a class=\"anchor-link\" href=\"#como-entro-em-contato-com-a-c-mara-municipal-de-foz-do-igua-u-\" target=\"_self\" title=\"\">Como entro em contato com a C\u00e2mara Municipal de Foz do Igua\u00e7u?</a></li>\r\n<li><a class=\"anchor-link\" href=\"#como-solicitar-informa--es-\" target=\"_self\" title=\"\">Como solicitar informa\u00e7\u00f5es?</a></li>\r\n<li><a class=\"anchor-link\" href=\"#o-que---a-ouvidoria-e-para-que-serve-\" target=\"_self\" title=\"\">O que \u00e9 a Ouvidoria e para que serve?</a></li>\r\n<li><a class=\"anchor-link\" href=\"#como-funciona-o-servi-o-de-informa--o-ao-cidad-o--sic--\" target=\"_self\" title=\"\">Como funciona o Servi\u00e7o de Informa\u00e7\u00e3o ao Cidad\u00e3o (SIC)?</a></li>\r\n<li><a class=\"anchor-link\" href=\"#o-que---o-portal-da-transpar-ncia-e-como-posso-acess--lo-\" target=\"_self\" title=\"\">O que \u00e9 o Portal da Transpar\u00eancia e como posso acess\u00e1-lo?</a></li>\r\n<li><a class=\"anchor-link\" href=\"#o-que---transpar-ncia-ativa-\" target=\"_self\" title=\"\">O que \u00e9 Transpar\u00eancia Ativa?</a></li>\r\n<li><a class=\"anchor-link\" href=\"#o-que---transpar-ncia-passiva-\" target=\"_self\" title=\"\">O que \u00e9 Transpar\u00eancia Passiva?</a></li>\r\n<li><a class=\"anchor-link\" href=\"#quais-informa--es-podem-ser-encontradas-no-portal-da-transpar-ncia-\" target=\"_self\" title=\"\">Quais informa\u00e7\u00f5es podem ser encontradas no Portal da Transpar\u00eancia?</a></li>\r\n<li><a class=\"anchor-link\" href=\"#posso-baixar-relat-rios-completos-no-portal-da-transpar-ncia-\" target=\"_self\" title=\"\">Posso baixar relat\u00f3rios completos?</a></li>\r\n<li><a class=\"anchor-link\" href=\"#o-portal-da-transpar-ncia---acess-vel-para-pessoas-com-defici-ncia-\" target=\"_self\" title=\"\">O Portal da Transpar\u00eancia \u00e9 acess\u00edvel para pessoas com defici\u00eancia?</a></li>\r\n<li><a class=\"anchor-link\" href=\"#quais-s-o-as-comiss-es-permanentes-da-c-mara-\" target=\"_self\" title=\"\">Quais s\u00e3o as Comiss\u00f5es Permanentes da C\u00e2mara?</a></li>\r\n<li><a class=\"anchor-link\" href=\"#qual-a-composi--o-da-mesa-diretora-\" target=\"_self\" title=\"\">Qual a composi\u00e7\u00e3o da Mesa Diretora?</a></li>\r\n<li><a class=\"anchor-link\" href=\"#quantos-e-quais-vereadores-foram-eleitos-para-a-atual-legislatura-\" target=\"_self\" title=\"\">Quantos e quais vereadores foram eleitos para a atual legislatura?</a></li>\r\n<li><a class=\"anchor-link\" href=\"#como-fa-o-para-falar-com-um-vereador-\" target=\"_self\" title=\"\">Como fa\u00e7o para falar com um Vereador?</a></li>\r\n<li><a class=\"anchor-link\" href=\"#h--algum-manual-com-informa--es--teis-ao-cidad-o-\" target=\"_self\" title=\"\">H\u00e1 algum manual com informa\u00e7\u00f5es \u00fateis ao cidad\u00e3o?</a></li>\r\n<li><a class=\"anchor-link\" href=\"#quais-as-formas-de-participa--o-social-junto-a-c-mara-de-foz-\" target=\"_self\" title=\"\">Quais as formas de participa\u00e7\u00e3o social junto a C\u00e2mara de Foz?</a></li>\r\n<li><a class=\"anchor-link\" href=\"#qual-a-programa--o-da-c-mara--dias-das-sess-es-e-eventos--\" target=\"_self\" title=\"\">Qual a programa\u00e7\u00e3o da C\u00e2mara (dias das Sess\u00f5es e Eventos)?</a></li>\r\n<li><a class=\"anchor-link\" href=\"#como-ter-acesso-ao-regimento-interno-da-c-mara-\" target=\"_self\" title=\"\">Como ter acesso ao Regimento Interno da C\u00e2mara?</a></li>\r\n<li><a class=\"anchor-link\" href=\"#como-fa-o-para-protocolar-um-documento-\" target=\"_self\" title=\"\">Como fa\u00e7o para protocolar um documento?</a></li>\r\n<li><a class=\"anchor-link\" href=\"#como-estagiar-na-c-mara-municipal-de-foz-do-igua-u-\" target=\"_self\" title=\"\">Como estagiar na C\u00e2mara Municipal de Foz do Igua\u00e7u?</a></li>\r\n<li><a class=\"anchor-link\" href=\"#como-trabalhar-na-c-mara-municipal-de-foz-do-igua-u-\" target=\"_self\" title=\"\">Como trabalhar na C\u00e2mara Municipal de Foz do Igua\u00e7u?</a></li>\r\n<li><span><a class=\"anchor-link\" href=\"#quais-as-fun--es-da-c-mara-\" target=\"_self\" title=\"\">Quais s\u00e3o as fun\u00e7\u00f5es da C\u00e2mara?</a></span></li>\r\n</ol>\r\n<p>\u00a0</p>\r\n<h2 style=\"text-align: justify; \">Respostas</h2>\r\n<table class=\"listing\">\r\n<tbody>\r\n<tr><th>\r\n<h3><a name=\"qual-o-endere-o-da-c-mara-\"></a><a name=\"qual-o-endere-o-da-c-mara-\"></a><a name=\"p1\"></a><img src=\"https://www.fozdoiguacu.pr.leg.br/imagens/botoes-controladoria/Seta.png\" title=\"\" height=\"20\" width=\"20\" alt=\"\" class=\"image-inline\" />\u00a0<b>QUAL O ENDERE\u00c7O DA C\u00c2MARA?</b></h3>\r\n</th></tr>\r\n<tr>\r\n<td>\r\n<p>Travessa Oscar Muxfeldt, n\u00ba 81, Centro - Foz do Igua\u00e7u, PR - CEP: 85851-490</p>\r\n</td>\r\n</tr>\r\n</tbody>\r\n</table>\r\n<table class=\"listing\">\r\n<tbody>\r\n<tr><th>\r\n<h3><a name=\"como-chegar---c-mara-municipal-de-foz-do-igua-u-\"></a><a name=\"p2\"></a><img src=\"https://www.fozdoiguacu.pr.leg.br/imagens/botoes-controladoria/Seta.png\" title=\"\" height=\"20\" width=\"20\" alt=\"\" class=\"image-inline\" />\u00a0<b>COMO CHEGAR \u00c0 C\u00c2MARA MUNICIPAL DE FOZ DO IGUA\u00c7U?</b></h3>\r\n</th></tr>\r\n<tr>\r\n<td>\r\n<p>\u00a0<iframe src=\"https://www.google.com/maps/embed?pb=!1m18!1m12!1m3!1d3599.831528440216!2d-54.58932168493236!3d-25.54398814366062!2m3!1f0!2f0!3f0!3m2!1i1024!2i768!4f13.1!3m3!1m2!1s0x94f6904a9b483425%3A0xce04e89733701925!2sC%C3%A2mara%20Municipal%20de%20Foz%20do%20Igua%C3%A7u!5e0!3m2!1spt-BR!2sbr!4v1669048930850!5m2!1spt-BR!2sbr\" width=\"800\" height=\"450\" allowfullscreen=\"\" style=\"\"></iframe></p>\r\n</td>\r\n</tr>\r\n</tbody>\r\n</table>\r\n<table class=\"listing\">\r\n<tbody>\r\n<tr><th>\r\n<h3><a name=\"qual---o-hor-rio-de-expediente-\"></a><a name=\"p3\"></a><img src=\"https://www.fozdoiguacu.pr.leg.br/imagens/botoes-controladoria/Seta.png\" title=\"\" height=\"20\" width=\"20\" alt=\"\" class=\"image-inline\" />\u00a0<b>QUAL \u00c9 O HOR\u00c1RIO DE EXPEDIENTE?</b></h3>\r\n</th></tr>\r\n<tr>\r\n<td>\r\n<p>O hor\u00e1rio de expediente da C\u00e2mara Municipal de Foz do Igua\u00e7u \u00e9 das 08h00 \u00e0s 14h00, de segunda a sexta-feira.</p>\r\n</td>\r\n</tr>\r\n</tbody>\r\n</table>\r\n<table class=\"listing\">\r\n<tbody>\r\n<tr><th>\r\n<h3><a name=\"as-sess-es-plen-rias-s-o-p-blicas-\"></a><a name=\"p4\"></a><img src=\"https://www.fozdoiguacu.pr.leg.br/imagens/botoes-controladoria/Seta.png\" title=\"\" height=\"20\" width=\"20\" alt=\"\" class=\"image-inline\" />\u00a0<b>AS SESS\u00d5ES PLEN\u00c1RIAS S\u00c3O P\u00daBLICAS?</b></h3>\r\n</th></tr>\r\n<tr>\r\n<td>\r\n<p style=\"text-align: justify; \">As Sess\u00f5es Plen\u00e1rias s\u00e3o p\u00fablicas. Qualquer cidad\u00e3o pode assistir \u00e0s sess\u00f5es no Plen\u00e1rio da C\u00e2mara ou atrav\u00e9s das transmiss\u00f5es \"AO VIVO\" pelo <strong><a class=\"external-link\" href=\"https://www.youtube.com/channel/UCXEdG3-NUqqjq-bqNIJEdBQ\" target=\"_blank\" title=\"\">Youtube</a></strong> ou <strong><a class=\"external-link\" href=\"https://www.facebook.com/camaradefoz\" target=\"_self\" title=\"\">Facebook</a></strong>.</p>\r\n</td>\r\n</tr>\r\n</tbody>\r\n</table>\r\n<table class=\"listing\">\r\n<tbody>\r\n<tr><th>\r\n<h3><a name=\"quando-s-o-realizadas-as-sess-es-ordin-rias-\"></a><a name=\"p5\"></a><img src=\"https://www.fozdoiguacu.pr.leg.br/imagens/botoes-controladoria/Seta.png\" title=\"\" height=\"20\" width=\"20\" alt=\"\" class=\"image-inline\" />\u00a0<b>QUANDO S\u00c3O REALIZADAS AS SESS\u00d5ES ORDIN\u00c1RIAS?</b></h3>\r\n</th></tr>\r\n<tr>\r\n<td>\r\n<p style=\"text-align: justify; \">As Sess\u00f5es Ordin\u00e1rias ocorrem em n\u00famero de cinco por m\u00eas e s\u00e3o realizadas \u00e0s ter\u00e7as e quintas-feiras, com in\u00edcio \u00e0s 09h, no plen\u00e1rio da C\u00e2mara Municipal. Nas sess\u00f5es, os Vereadores deliberam sobre assuntos que est\u00e3o na ordem do dia, temas que devem ser votados. A maioria dos parlamentares deve estar presente para a abertura da sess\u00e3o, devendo participar das vota\u00e7\u00f5es.</p>\r\n</td>\r\n</tr>\r\n</tbody>\r\n</table>\r\n<table class=\"listing\">\r\n<tbody>\r\n<tr><th>\r\n<h3><a name=\"como-entro-em-contato-com-a-c-mara-municipal-de-foz-do-igua-u-\"></a><a name=\"p6\"></a><img src=\"https://www.fozdoiguacu.pr.leg.br/imagens/botoes-controladoria/Seta.png\" title=\"\" height=\"20\" width=\"20\" alt=\"\" class=\"image-inline\" />\u00a0<b>COMO ENTRO EM CONTATO COM A C\u00c2MARA MUNICIPAL DE FOZ DO IGUA\u00c7U?</b></h3>\r\n</th></tr>\r\n<tr>\r\n<td>\r\n<p style=\"text-align: justify; \">Voc\u00ea pode entrar em contato com a C\u00e2mara Municipal de Foz do Igua\u00e7u atrav\u00e9s do telefone: (45) 3521-8100, atrav\u00e9s do e-mail: <strong><a class=\"email-link\" href=\"mailto:atendimento@fozdoiguacu.pr.leg.br\" target=\"_blank\" title=\"\">atendimento@fozdoiguacu.pr.leg.br</a></strong> ou pessoalmente em nosso endere\u00e7o: Travessa Oscar Muxfeldt, 81, Centro, Foz do Igua\u00e7u, CEP 85.851-490. Voc\u00ea, tamb\u00e9m, pode nos contactar atrav\u00e9s de nossa Ouvidoria acessando:\u00a0<strong><a title=\"\" href=\"https://www.fozdoiguacu.pr.leg.br/institucional/sic-e-sic-ouvidoria\" class=\"external-link\" target=\"_self\">sic-e-sic-ouvidoria</a></strong></p>\r\n</td>\r\n</tr>\r\n</tbody>\r\n</table>\r\n<table class=\"listing\">\r\n<tbody>\r\n<tr><th>\r\n<h3><a name=\"como-solicitar-informa--es-\"></a><a name=\"p7\"></a><img src=\"https://www.fozdoiguacu.pr.leg.br/imagens/botoes-controladoria/Seta.png\" title=\"\" height=\"20\" width=\"20\" alt=\"\" class=\"image-inline\" />\u00a0<b>COMO SOLICITAR INFORMA\u00c7\u00d5ES?</b></h3>\r\n</th></tr>\r\n<tr>\r\n<td>\r\n<p style=\"text-align: justify; \">As informa\u00e7\u00f5es s\u00e3o solicitadas atrav\u00e9s do Servi\u00e7o de Informa\u00e7\u00e3o ao Cidad\u00e3o (SIC / e-SIC) / Ouvidoria. As peti\u00e7\u00f5es podem ser entregues pessoalmente ou ainda pelo correio, telefone ou internet.</p>\r\n<ul>\r\n<li>Telefone: 0800.645.4114 (Ouvidoria) / (45) 3521.8100 (Ouvidoria)</li>\r\n<li>Hor\u00e1rio de Funcionamento: de segunda a sexta, das 08hs \u00e0s 14hs.</li>\r\n<li>Mais informa\u00e7\u00f5es:\u00a0<strong><a title=\"\" href=\"https://www.fozdoiguacu.pr.leg.br/institucional/sic-e-sic-ouvidoria\" class=\"external-link\" target=\"_self\">sic-e-sic-ouvidoria</a></strong></li>\r\n</ul>\r\n</td>\r\n</tr>\r\n</tbody>\r\n</table>\r\n<table class=\"listing\">\r\n<tbody>\r\n<tr><th>\r\n<h3><a name=\"o-que---a-ouvidoria-e-para-que-serve-\"></a><a name=\"p8\"></a><img src=\"https://www.fozdoiguacu.pr.leg.br/imagens/botoes-controladoria/Seta.png\" title=\"\" height=\"20\" width=\"20\" alt=\"\" class=\"image-inline\" />\u00a0<b>O QUE \u00c9 A OUVIDORIA E PARA QUE SERVE?</b></h3>\r\n</th></tr>\r\n<tr>\r\n<td>\r\n<p>A Ouvidoria Parlamentar<b>\u00a0</b>\u00e9 um servi\u00e7o criado dentro do Poder Legislativo com o objetivo de facilitar a comunica\u00e7\u00e3o entre a sociedade e os vereadores. Ela atua como um canal direto para que os cidad\u00e3os possam expressar sugest\u00f5es, elogios, reclama\u00e7\u00f5es, solicita\u00e7\u00f5es, den\u00fancias e pedidos de informa\u00e7\u00f5es sobre as atividades legislativas e sobre o funcionamento da C\u00e2mara Municipal.</p>\r\n<p style=\"text-align: justify; \"><span>A Ouvidoria est\u00e1 dispon\u00edvel para todas as pessoas que desejam participar ativamente e acompanhar as atividades legislativas.</span></p>\r\n<p><b>Etapas para o Uso da Ouvidoria Parlamentar</b></p>\r\n<ol>\r\n<li><span>Envio da Manifesta\u00e7\u00e3o</span><b>:</b><span>\u00a0O cidad\u00e3o pode enviar sua manifesta\u00e7\u00e3o (sugest\u00e3o, reclama\u00e7\u00e3o, elogio, solicita\u00e7\u00e3o, den\u00fancia ou pedido de informa\u00e7\u00e3o) para a Ouvidoria por diferentes canais, como o link no site da C\u00e2mara Municipal, telefone ou presencialmente.</span></li>\r\n<li><span>Recebimento e An\u00e1lise</span><b>:</b><span>\u00a0A Ouvidoria recebe a manifesta\u00e7\u00e3o e verifica se ela se enquadra nas suas compet\u00eancias. Se a demanda for pertinente ao legislativo, segue com o processo de atendimento.</span></li>\r\n<li><span>Encaminhamento</span><b>:</b><span>\u00a0Se a manifesta\u00e7\u00e3o for relevante para algum setor espec\u00edfico do Legislativo, ela ser\u00e1 encaminha aos respons\u00e1veis, que poder\u00e3o responder ou adotar medidas conforme a situa\u00e7\u00e3o.</span></li>\r\n<li><span>Resposta ao Solicitante: A Ouvidoria acompanha a tramita\u00e7\u00e3o da manifesta\u00e7\u00e3o e fornece uma resposta ao cidad\u00e3o, informando-o sobre as a\u00e7\u00f5es tomadas ou sobre o resultado do atendimento.</span></li>\r\n</ol>\r\n<p>\u00a0</p>\r\n<p><b>O Que \u00e9 Necess\u00e1rio para Fazer uma Solicita\u00e7\u00e3o?</b></p>\r\n<div>\r\n<p>Para fazer uma solicita\u00e7\u00e3o na Ouvidoria Parlamentar, o cidad\u00e3o precisa:</p>\r\n<ul>\r\n<li>Identificar-se<b>:</b> \u00c9 necess\u00e1rio informar nome completo e meios de contato (e-mail e telefone). Nossa ouvidoria tamb\u00e9m admite manifesta\u00e7\u00f5es an\u00f4nimas, garantindo o direito de expressar opini\u00f5es livremente.</li>\r\n<li>Descrever a Manifesta\u00e7\u00e3o: Especificar o tipo de manifesta\u00e7\u00e3o (sugest\u00e3o, reclama\u00e7\u00e3o, elogio, solicita\u00e7\u00e3o, den\u00fancia ou pedido de informa\u00e7\u00e3o) e detalhar a quest\u00e3o de forma clara e objetiva.</li>\r\n<li>Anexar Documentos: fotos, v\u00eddeos, arquivos ou informa\u00e7\u00f5es adicionais que ajudem a fundamentar a den\u00fancia.</li>\r\n</ul>\r\n</div>\r\n<div>\r\n<p>\u00a0</p>\r\nA Ouvidoria Parlamentar \u00e9 um recurso para incentivar o controle social, a transpar\u00eancia e a aproxima\u00e7\u00e3o entre o cidad\u00e3o e a C\u00e2mara Municipal. Ela garante que a sociedade tenha voz ativa junto aos legisladores.</div>\r\n<div></div>\r\n<div><span>Mais informa\u00e7\u00f5es:\u00a0</span><strong><a title=\"\" href=\"https://www.fozdoiguacu.pr.leg.br/institucional/sic-e-sic-ouvidoria\" class=\"external-link\" target=\"_self\">sic-e-sic-ouvidoria</a></strong></div>\r\n</td>\r\n</tr>\r\n</tbody>\r\n</table>\r\n<table class=\"listing\">\r\n<tbody>\r\n<tr><th>\r\n<h3><a name=\"como-funciona-o-servi-o-de-informa--o-ao-cidad-o--sic--\"></a><a name=\"p9\"></a><img src=\"https://www.fozdoiguacu.pr.leg.br/imagens/botoes-controladoria/Seta.png\" title=\"\" height=\"20\" width=\"20\" alt=\"\" class=\"image-inline\" />\u00a0<b>COMO FUNCIONA O SERVI\u00c7O DE INFORMA\u00c7\u00c3O AO CIDAD\u00c3O (SIC)?</b></h3>\r\n</th></tr>\r\n<tr>\r\n<td>\r\n<p style=\"text-align: justify; \"><b>Acesso \u00e0 Informa\u00e7\u00e3o \u2013 SIC (Servi\u00e7o de Informa\u00e7\u00e3o ao Cidad\u00e3o)</b></p>\r\n<p style=\"text-align: justify; \">Qualquer pessoa pode solicitar e receber informa\u00e7\u00f5es p\u00fablicas produzidas ou mantidas por \u00f3rg\u00e3os e entidades p\u00fablicas, de todos os Poderes e esferas de governo. Esse direito \u00e9 garantido pela <b>Lei de Acesso \u00e0 Informa\u00e7\u00e3o (Lei n\u00ba 12.527/2011)</b>, que determina que os \u00f3rg\u00e3os p\u00fablicos devem oferecer estrutura para receber e responder esses pedidos.</p>\r\n<p style=\"text-align: justify; \">Com base na lei, todas as institui\u00e7\u00f5es p\u00fablicas s\u00e3o obrigadas a manter um <b>Servi\u00e7o de Informa\u00e7\u00e3o ao Cidad\u00e3o (SIC)</b>. Para facilitar esse acesso, a <b>C\u00e2mara Municipal de Foz do Igua\u00e7u</b> disponibiliza o <b>Sistema Eletr\u00f4nico do SIC</b>, que funciona como um canal \u00fanico para envio de pedidos e recebimento de respostas. Todo pedido \u00e9 registrado, o que permite ao cidad\u00e3o acompanhar sua solicita\u00e7\u00e3o de forma simples e segura.</p>\r\n<p style=\"text-align: justify; \">Al\u00e9m disso, no <b>Portal da Transpar\u00eancia</b> da C\u00e2mara, voc\u00ea j\u00e1 encontra diversas informa\u00e7\u00f5es p\u00fablicas dispon\u00edveis, como:</p>\r\n<ul>\r\n<li>Dados institucionais;</li>\r\n<li>Conv\u00eanios firmados;</li>\r\n<li>Receitas e despesas;</li>\r\n<li>Licita\u00e7\u00f5es e contratos;</li>\r\n<li>Programas e a\u00e7\u00f5es da C\u00e2mara.</li>\r\n</ul>\r\n<p>\u00a0</p>\r\n<p>Mais informa\u00e7\u00f5es:\u00a0<strong><a title=\"\" href=\"https://www.fozdoiguacu.pr.leg.br/institucional/sic-e-sic-ouvidoria\" class=\"external-link\" target=\"_self\">sic-e-sic-ouvidoria</a></strong></p>\r\n</td>\r\n</tr>\r\n</tbody>\r\n</table>\r\n<table class=\"listing\">\r\n<tbody>\r\n<tr><th>\r\n<h3><a name=\"quais-s-o-as-comiss-es-permanentes-da-c-mara-\"></a><a name=\"p11\"></a><img src=\"https://www.fozdoiguacu.pr.leg.br/imagens/botoes-controladoria/Seta.png\" title=\"\" height=\"20\" width=\"20\" alt=\"\" class=\"image-inline\" />\u00a0<b>QUAIS S\u00c3O AS COMISS\u00d5ES PERMANENTES DA C\u00c2MARA?</b></h3>\r\n</th></tr>\r\n<tr>\r\n<td>\r\n<ul>\r\n<li>Comiss\u00e3o Mista (<strong><a class=\"external-link\" href=\"https://sapl.fozdoiguacu.pr.leg.br/comissao/1\" target=\"_self\" title=\"\">mais informa\u00e7\u00f5es</a></strong>)</li>\r\n<li>Comiss\u00e3o de Legisla\u00e7\u00e3o, Justi\u00e7a e Reda\u00e7\u00e3o (<strong><a class=\"external-link\" href=\"https://sapl.fozdoiguacu.pr.leg.br/comissao/2\" target=\"_self\" title=\"\">mais informa\u00e7\u00f5es</a></strong>)</li>\r\n<li>Comiss\u00e3o de Economia, Finan\u00e7as, Or\u00e7amento, Turismo, Ind\u00fastria, Com\u00e9rcio e Assuntos Fronteiri\u00e7os (<strong><a class=\"external-link\" href=\"https://sapl.fozdoiguacu.pr.leg.br/comissao/46\" target=\"_self\" title=\"\">mais informa\u00e7\u00f5es</a></strong>)</li>\r\n<li>Comiss\u00e3o de Obras, Urbanismo, Servi\u00e7os P\u00fablicos, Ecologia, Meio Ambiente e Seguran\u00e7a P\u00fablica (<strong><a class=\"external-link\" href=\"https://sapl.fozdoiguacu.pr.leg.br/comissao/47\" target=\"_self\" title=\"\">mais informa\u00e7\u00f5es</a></strong>)</li>\r\n<li>Comiss\u00e3o de Educa\u00e7\u00e3o, Cultura, Assist\u00eancia Social e Defesa do Cidad\u00e3o (<strong><a class=\"external-link\" href=\"https://sapl.fozdoiguacu.pr.leg.br/comissao/48\" target=\"_self\" title=\"\">mais informa\u00e7\u00f5es</a></strong>)</li>\r\n<li>Comiss\u00e3o de Sa\u00fade, Esporte e Prote\u00e7\u00e3o Animal (<strong><a class=\"external-link\" href=\"https://sapl.fozdoiguacu.pr.leg.br/comissao/49\" target=\"_self\" title=\"\">mais informa\u00e7\u00f5es</a></strong>)</li>\r\n<li>Comiss\u00f5es Reunidas (<strong><a class=\"external-link\" href=\"https://sapl.fozdoiguacu.pr.leg.br/comissao/8\" target=\"_self\" title=\"\">mais informa\u00e7\u00f5es</a></strong>)</li>\r\n<li>Mesa Diretora - Parecer/Relatoria (<strong><a class=\"external-link\" href=\"https://sapl.fozdoiguacu.pr.leg.br/comissao/51\" target=\"_self\" title=\"\">mais informa\u00e7\u00f5es</a></strong>)\u00a0</li>\r\n</ul>\r\n</td>\r\n</tr>\r\n</tbody>\r\n</table>\r\n<table class=\"listing\">\r\n<tbody>\r\n<tr><th>\r\n<h3><a name=\"qual-a-composi--o-da-mesa-diretora-\"></a><a name=\"p12\"></a><img src=\"https://www.fozdoiguacu.pr.leg.br/imagens/botoes-controladoria/Seta.png\" title=\"\" height=\"20\" width=\"20\" alt=\"\" class=\"image-inline\" />\u00a0<b>QUAL A COMPOSI\u00c7\u00c3O DA MESA DIRETORA?</b></h3>\r\n</th></tr>\r\n<tr>\r\n<td>\r\n<p>A Mesa Diretora \u00e9 composta pelos:</p>\r\n<ul>\r\n<li>Presidente - Vereador Paulo Debrito (PL)</li>\r\n<li>1\u00ba Vice-Presidente - Vereador Dr. Ranieri Marchioro (Republicanos)</li>\r\n<li>2\u00aa Vice-Presidente - Vereador Beni Rodrigues (PP)</li>\r\n<li>1\u00aa Secret\u00e1ria - Vereadora Professora Marcia Bachixte (MDB)</li>\r\n<li>2\u00ba Secret\u00e1rio - Vereador Soldado Fruet (PL)</li>\r\n</ul>\r\n</td>\r\n</tr>\r\n</tbody>\r\n</table>\r\n<table class=\"listing\">\r\n<tbody>\r\n<tr><th>\r\n<h3><a name=\"quantos-e-quais-vereadores-foram-eleitos-para-a-atual-legislatura-\"></a><a name=\"p13\"></a><img src=\"https://www.fozdoiguacu.pr.leg.br/imagens/botoes-controladoria/Seta.png\" title=\"\" height=\"20\" width=\"20\" alt=\"\" class=\"image-inline\" />\u00a0<b>QUANTOS E QUAIS VEREADORES FORAM ELEITOS PARA A ATUAL LEGISLATURA?</b></h3>\r\n</th></tr>\r\n<tr>\r\n<td>\r\n<ul>\r\n<li>Adnan El Sayed \u2013 PSD (<strong><a class=\"external-link\" href=\"https://sapl.fozdoiguacu.pr.leg.br/parlamentar/69\" target=\"_self\" title=\"\">mais informa\u00e7\u00f5es</a></strong>)</li>\r\n<li>Adriano Rorato - PL (<strong><a class=\"external-link\" href=\"https://sapl.fozdoiguacu.pr.leg.br/parlamentar/169\" target=\"_self\" title=\"\">mais informa\u00e7\u00f5es</a></strong>)</li>\r\n<li>Anice Gazzaoui \u2013 PP (<strong><a class=\"external-link\" href=\"https://sapl.fozdoiguacu.pr.leg.br/parlamentar/3\" target=\"_self\" title=\"\">mais informa\u00e7\u00f5es</a></strong>)</li>\r\n<li>Balbinot - PSDB\u00a0<span>(</span><strong><a class=\"external-link\" href=\"https://sapl.fozdoiguacu.pr.leg.br/parlamentar/177\" target=\"_self\" title=\"\">mais informa\u00e7\u00f5es</a></strong><span>)</span></li>\r\n<li>Beni Rodrigues - PP\u00a0<span>(</span><strong><a class=\"external-link\" href=\"https://sapl.fozdoiguacu.pr.leg.br/parlamentar/8\" target=\"_self\" title=\"\">mais informa\u00e7\u00f5es</a></strong><span>)</span></li>\r\n<li><span>Bosco Foz - PL\u00a0<span>(</span><strong><a class=\"external-link\" href=\"https://sapl.fozdoiguacu.pr.leg.br/parlamentar/171\" target=\"_self\" title=\"\">mais informa\u00e7\u00f5es</a></strong><span>)</span></span></li>\r\n<li>Cabo Cassol \u2013 Podemos (<strong><a class=\"external-link\" href=\"https://sapl.fozdoiguacu.pr.leg.br/parlamentar/71\" target=\"_self\" title=\"\">mais informa\u00e7\u00f5es</a></strong>)</li>\r\n<li>Dr. Ranieri Marchioro - Republicanos (<strong><a class=\"external-link\" href=\"https://sapl.fozdoiguacu.pr.leg.br/parlamentar/178\" target=\"_blank\" title=\"\">mais informa\u00e7\u00f5es</a></strong>)</li>\r\n<li>Evandro Ferreira - PSD (<strong><a class=\"external-link\" href=\"https://sapl.fozdoiguacu.pr.leg.br/parlamentar/175\" target=\"_self\" title=\"\">mais informa\u00e7\u00f5es</a></strong>)</li>\r\n<li>Paulo Debrito - PL (<strong><a class=\"external-link\" href=\"https://sapl.fozdoiguacu.pr.leg.br/parlamentar/170\" target=\"_blank\" title=\"\">mais informa\u00e7\u00f5es</a></strong>)</li>\r\n<li>Professora Marcia Bachixte - MDB (<strong><a class=\"external-link\" href=\"https://sapl.fozdoiguacu.pr.leg.br/parlamentar/173\" target=\"_self\" title=\"\">mais informa\u00e7\u00f5es</a></strong>)</li>\r\n<li>Sidnei Prestes - Mobiliza (<strong><a class=\"external-link\" href=\"https://sapl.fozdoiguacu.pr.leg.br/parlamentar/176\" target=\"_self\" title=\"\">mais informa\u00e7\u00f5es</a></strong>)</li>\r\n<li>Soldado Fruet - PL (<strong><a class=\"external-link\" href=\"https://sapl.fozdoiguacu.pr.leg.br/parlamentar/172\" target=\"_self\" title=\"\">mais informa\u00e7\u00f5es</a></strong>)</li>\r\n<li>Valentina - PT (<strong><a class=\"external-link\" href=\"https://sapl.fozdoiguacu.pr.leg.br/parlamentar/174\" target=\"_self\" title=\"\">mais informa\u00e7\u00f5es</a></strong>)</li>\r\n<li>Yasmin Hachem \u2013 MDB (<strong><a class=\"external-link\" href=\"https://sapl.fozdoiguacu.pr.leg.br/parlamentar/81\" target=\"_self\" title=\"\">mais informa\u00e7\u00f5es</a></strong>)</li>\r\n</ul>\r\n</td>\r\n</tr>\r\n</tbody>\r\n</table>\r\n<table class=\"listing\">\r\n<tbody>\r\n<tr><th>\r\n<h3><a name=\"como-fa-o-para-falar-com-um-vereador-\"></a><a name=\"p14\"></a><img src=\"https://www.fozdoiguacu.pr.leg.br/imagens/botoes-controladoria/Seta.png\" title=\"\" height=\"20\" width=\"20\" alt=\"\" class=\"image-inline\" />\u00a0<b>COMO FA\u00c7O PARA FALAR COM UM VEREADOR?</b></h3>\r\n</th></tr>\r\n<tr>\r\n<td>\r\n<p>Todos os contatos dos Vereadores est\u00e3o dispon\u00edveis atrav\u00e9s do endere\u00e7o: <strong><a class=\"external-link\" href=\"https://sapl.fozdoiguacu.pr.leg.br/parlamentar/\" target=\"_self\" title=\"\">Parlamentares</a></strong> ou atrav\u00e9s da <strong><a title=\"\" href=\"https://www.fozdoiguacu.pr.leg.br/institucional/contatos\" class=\"external-link\" target=\"_self\">Lista de Contatos</a></strong>.</p>\r\n</td>\r\n</tr>\r\n</tbody>\r\n</table>\r\n<table class=\"listing\">\r\n<tbody>\r\n<tr><th>\r\n<h3><a name=\"h--algum-manual-com-informa--es--teis-ao-cidad-o-\"></a><a name=\"p15\"></a><img src=\"https://www.fozdoiguacu.pr.leg.br/imagens/botoes-controladoria/Seta.png\" title=\"\" height=\"20\" width=\"20\" alt=\"\" class=\"image-inline\" />\u00a0<b>H\u00c1 ALGUM MANUAL COM INFORMA\u00c7\u00d5ES \u00daTEIS AO CIDAD\u00c3O?</b></h3>\r\n</th></tr>\r\n<tr>\r\n<td>\r\n<p style=\"text-align: justify; \">Sim, disponibilizamos a <a title=\"\" href=\"https://www.fozdoiguacu.pr.leg.br/institucional/links-uteis/carta-de-servicos-institucionais/view\" class=\"external-link\" target=\"_self\">C<strong>arta de Servi\u00e7os da C\u00e2mara Municipal de Foz do Igua\u00e7u</strong></a> com informa\u00e7\u00f5es institucionais e do funcionamento do \u00f3rg\u00e3o.</p>\r\n</td>\r\n</tr>\r\n</tbody>\r\n</table>\r\n<table class=\"listing\">\r\n<tbody>\r\n<tr><th>\r\n<h3><a name=\"quais-as-formas-de-participa--o-social-junto-a-c-mara-de-foz-\"></a><a name=\"p16\"></a><img src=\"https://www.fozdoiguacu.pr.leg.br/imagens/botoes-controladoria/Seta.png\" title=\"\" height=\"20\" width=\"20\" alt=\"\" class=\"image-inline\" />\u00a0<b>QUAIS AS FORMAS DE PARTICIPA\u00c7\u00c3O SOCIAL JUNTO A C\u00c2MARA DE FOZ?</b></h3>\r\n</th></tr>\r\n<tr>\r\n<td>\r\n<p>O cidad\u00e3o participa das seguintes formas: <strong><a class=\"external-link\" href=\"https://fozdoiguacu.1doc.com.br/b.php?pg=wp/detalhes&amp;itd=7\" target=\"_self\" title=\"\">Servi\u00e7o de Informa\u00e7\u00e3o ao Cidad\u00e3o (SIC / e-SIC)</a></strong>, <strong><a class=\"external-link\" href=\"https://fozdoiguacu.1doc.com.br/b.php?pg=wp/wp&amp;itd=6\" target=\"_self\" title=\"\">Ouvidoria</a></strong>, Sess\u00f5es Plen\u00e1rias, Tribuna Popular, Audi\u00eancias P\u00fablicas, Redes Sociais e Enquetes.</p>\r\n</td>\r\n</tr>\r\n</tbody>\r\n</table>\r\n<table class=\"listing\">\r\n<tbody>\r\n<tr><th>\r\n<h3><a name=\"qual-a-programa--o-da-c-mara--dias-das-sess-es-e-eventos--\"></a><a name=\"p17\"></a><img src=\"https://www.fozdoiguacu.pr.leg.br/imagens/botoes-controladoria/Seta.png\" title=\"\" height=\"20\" width=\"20\" alt=\"\" class=\"image-inline\" />\u00a0<b>QUAL A PROGRAMA\u00c7\u00c3O DA C\u00c2MARA (DIAS DAS SESS\u00d5ES E EVENTOS)?</b></h3>\r\n</th></tr>\r\n<tr>\r\n<td>\r\n<p>A programa\u00e7\u00e3o com as datas das Sess\u00f5es Plen\u00e1rias e demais eventos pode ser acessada atrav\u00e9s da <strong>\"<a title=\"\" href=\"https://www.fozdoiguacu.pr.leg.br/institucional/eventos\" class=\"external-link\" target=\"_self\">Agenda de Eventos</a>\"</strong>.\u00a0</p>\r\n</td>\r\n</tr>\r\n</tbody>\r\n</table>\r\n<table class=\"listing\">\r\n<tbody>\r\n<tr><th>\r\n<h3><a name=\"como-ter-acesso-ao-regimento-interno-da-c-mara-\"></a><a name=\"p18\"></a><img src=\"https://www.fozdoiguacu.pr.leg.br/imagens/botoes-controladoria/Seta.png\" title=\"\" height=\"20\" width=\"20\" alt=\"\" class=\"image-inline\" />\u00a0<b>COMO TER ACESSO AO REGIMENTO INTERNO DA C\u00c2MARA?</b></h3>\r\n</th></tr>\r\n<tr>\r\n<td>\r\n<p>O Regimento Interno da C\u00e2mara Municipal de Foz do Igua\u00e7u pode ser obtido atrav\u00e9s do <strong>\"<a class=\"external-link\" href=\"https://leismunicipais.com.br/a/pr/f/foz-do-iguacu/resolucao/2005/3/30/resolucao-n-30-2005-aprova-o-regimento-interno-da-camara-municipal-de-foz-do-iguacu?q=30\" target=\"_self\" title=\"\">Regimento Interno</a>\"</strong>.\u00a0</p>\r\n</td>\r\n</tr>\r\n</tbody>\r\n</table>\r\n<table class=\"listing\">\r\n<tbody>\r\n<tr><th>\r\n<h3><a name=\"como-fa-o-para-protocolar-um-documento-\"></a><a name=\"p19\"></a><img src=\"https://www.fozdoiguacu.pr.leg.br/imagens/botoes-controladoria/Seta.png\" title=\"\" height=\"20\" width=\"20\" alt=\"\" class=\"image-inline\" />\u00a0<b>COMO FA\u00c7O PARA PROTOCOLAR UM DOCUMENTO?</b></h3>\r\n</th></tr>\r\n<tr>\r\n<td>\r\n<p style=\"text-align: justify; \">Os protocolos podem ser realizados pessoalmente na recep\u00e7\u00e3o da C\u00e2mara Municipal de Foz do Igua\u00e7u (Travessa Oscar Muxfeldt, 81, Centro) ou atrav\u00e9s do link: <span><strong><a class=\"external-link\" href=\"https://fozdoiguacu.1doc.com.br/b.php?pg=o/wp\" target=\"_self\" title=\"\">PROTOCOLO</a></strong></span></p>\r\n</td>\r\n</tr>\r\n</tbody>\r\n</table>\r\n<table class=\"listing\">\r\n<tbody>\r\n<tr><th>\r\n<h3><a name=\"como-estagiar-na-c-mara-municipal-de-foz-do-igua-u-\"></a><a name=\"p20\"></a><img src=\"https://www.fozdoiguacu.pr.leg.br/imagens/botoes-controladoria/Seta.png\" title=\"\" height=\"20\" width=\"20\" alt=\"\" class=\"image-inline\" />\u00a0COMO ESTAGIAR NA C\u00c2MARA MUNICIPAL DE FOZ DO IGUA\u00c7U?</h3>\r\n</th></tr>\r\n<tr>\r\n<td>\r\n<p style=\"text-align: justify; \">As contrata\u00e7\u00f5es de est\u00e1gio para a C\u00e2mara de Vereadores s\u00e3o realizadas por meio de Processo Seletivo. Pedimos que fiquem atento em nosso site oficial, pois assim que surgir alguma novidade, o edital ser\u00e1 publicado no seguinte endere\u00e7o: <strong><a title=\"\" href=\"https://www.fozdoiguacu.pr.leg.br/transparencia/concurso-publico-e-processo-seletivo\" class=\"external-link\" target=\"_self\">Concurso P\u00fablico e Processo Seletivo</a></strong>.</p>\r\n</td>\r\n</tr>\r\n</tbody>\r\n</table>\r\n<table class=\"listing\">\r\n<tbody>\r\n<tr><th>\r\n<h3><a name=\"como-trabalhar-na-c-mara-municipal-de-foz-do-igua-u-\"></a><a name=\"p21\"></a><img src=\"https://www.fozdoiguacu.pr.leg.br/imagens/botoes-controladoria/Seta.png\" title=\"\" height=\"20\" width=\"20\" alt=\"\" class=\"image-inline\" />\u00a0<b>COMO TRABALHAR NA C\u00c2MARA MUNICIPAL DE FOZ DO IGUA\u00c7U?</b></h3>\r\n</th></tr>\r\n<tr>\r\n<td>\r\n<p style=\"text-align: justify; \">As contrata\u00e7\u00f5es da C\u00e2mara de Vereadores s\u00e3o realizadas por meio de Concurso P\u00fablico. Pedimos que fiquem atento em nosso site oficial, pois assim que surgir alguma novidade, o edital ser\u00e1 publicado no seguinte endere\u00e7o: <strong><a title=\"\" href=\"https://www.fozdoiguacu.pr.leg.br/transparencia/concurso-publico-e-processo-seletivo\" class=\"external-link\" target=\"_self\">Concurso P\u00fablico e Processo Seletivo</a></strong>.</p>\r\n</td>\r\n</tr>\r\n</tbody>\r\n</table>\r\n<table class=\"listing\">\r\n<tbody>\r\n<tr><th>\r\n<h3><a name=\"quais-as-fun--es-da-c-mara-\"></a><a name=\"p22\"></a><img src=\"https://www.fozdoiguacu.pr.leg.br/imagens/botoes-controladoria/Seta.png\" title=\"\" height=\"20\" width=\"20\" alt=\"\" class=\"image-inline\" />\u00a0QUAIS AS FUN\u00c7\u00d5ES DA C\u00c2MARA?</h3>\r\n</th></tr>\r\n<tr>\r\n<td>\r\n<p style=\"text-align: justify; \">C\u00e2mara Municipal de Foz do Igua\u00e7u \u00e9 a sede do Poder Legislativo do Munic\u00edpio. Ela \u00e9 composta por Vereadores, representantes do povo, uma vez que foram eleitos pelo voto da popula\u00e7\u00e3o para o exerc\u00edcio de uma legislatura, o que corresponde a um mandato de quatro anos.</p>\r\n<p style=\"text-align: justify; \">Os Vereadores t\u00eam o papel de elaborar leis; apreciar Projetos de Lei encaminhados pelo Poder Executivo, delibera\u00e7\u00f5es essas realizadas pelo Plen\u00e1rio da Casa. \u00c0 C\u00e2mara Municipal tamb\u00e9m cabe o papel de dar posse ao Prefeito, ao vice-prefeito e outras a\u00e7\u00f5es fixadas pela Lei Org\u00e2nica do Munic\u00edpio \u2013 LOM.</p>\r\n<p style=\"text-align: justify; \">As a\u00e7\u00f5es dos parlamentares s\u00e3o regidas n\u00e3o s\u00f3 pela LOM (Lei Org\u00e2nica Municipal), como tamb\u00e9m pelo Regimento Interno do Poder Legislativo. A Mesa Diretora, a qual tem mandato de 2 anos e \u00e9 eleita internamente, \u00e9 quem administra a C\u00e2mara de Vereadores. Ela \u00e9 composta pelo: Presidente; 1\u00b0 Secret\u00e1rio; 2\u00b0 Secret\u00e1rio; 1\u00b0 Vice-Presidente; 2\u00b0 Vice-Presidente. Quem representa oficialmente a C\u00e2mara \u00e9 o Presidente do Legislativo.</p>\r\n<p style=\"text-align: justify; \">Al\u00e9m de fiscalizar os atos do poder Executivo, ainda que auxiliados pelo Tribunal de Contas do Estado, os vereadores s\u00e3o respons\u00e1veis, tamb\u00e9m, pelo elo entre o Prefeito e a popula\u00e7\u00e3o. \u00c9 importante ressaltar que o n\u00famero de Vereadores \u00e9 proporcional ao n\u00famero de habitantes do munic\u00edpio.</p>\r\n</td>\r\n</tr>\r\n</tbody>\r\n</table>\r\n<table class=\"listing\">\r\n<tbody>\r\n<tr><th>\r\n<h3><img src=\"https://www.fozdoiguacu.pr.leg.br/imagens/botoes-controladoria/Seta.png\" title=\"\" height=\"20\" width=\"20\" alt=\"\" class=\"image-inline\" />\u00a0O QUE \u00c9 O PORTAL DA TRANSPAR\u00caNCIA E COMO POSSO ACESS\u00c1-LO?</h3>\r\n</th></tr>\r\n<tr>\r\n<td>\r\n<p data-start=\"315\" data-end=\"577\">O\u00a0<strong data-start=\"317\" data-end=\"344\">Portal da Transpar\u00eancia</strong>\u00a0da C\u00e2mara Municipal de Foz do Igua\u00e7u \u00e9 uma ferramenta digital que garante ao cidad\u00e3o o direito de acompanhar a gest\u00e3o dos recursos p\u00fablicos, fortalecendo os princ\u00edpios da\u00a0<strong data-start=\"516\" data-end=\"576\">transpar\u00eancia, controle social e responsabilidade fiscal</strong>.</p>\r\n<p data-start=\"579\" data-end=\"822\">Por meio do portal, qualquer pessoa pode consultar, de forma clara e detalhada, informa\u00e7\u00f5es sobre\u00a0<strong data-start=\"677\" data-end=\"742\">despesas, receitas, licita\u00e7\u00f5es, contratos, folha de pagamento</strong>, entre outros dados da execu\u00e7\u00e3o or\u00e7ament\u00e1ria e financeira do Poder Legislativo.</p>\r\n<p data-start=\"824\" data-end=\"922\">A cria\u00e7\u00e3o e manuten\u00e7\u00e3o do Portal da Transpar\u00eancia est\u00e1 fundamentada em diversas legisla\u00e7\u00f5es, como:</p>\r\n<ul data-start=\"924\" data-end=\"1750\">\r\n<li data-start=\"924\" data-end=\"1226\">\r\n<p data-start=\"926\" data-end=\"1226\"><strong data-start=\"926\" data-end=\"957\">Lei Municipal n\u00ba 3.528/2009</strong>: institui a obrigatoriedade da divulga\u00e7\u00e3o p\u00fablica de informa\u00e7\u00f5es financeiras e or\u00e7ament\u00e1rias no \u00e2mbito dos poderes Executivo e Legislativo de Foz do Igua\u00e7u, garantindo a publica\u00e7\u00e3o de relat\u00f3rios em at\u00e9 30 dias ap\u00f3s o m\u00eas de refer\u00eancia, de forma acess\u00edvel e atualizada.</p>\r\n</li>\r\n<li data-start=\"1227\" data-end=\"1390\">\r\n<p data-start=\"1229\" data-end=\"1390\"><strong data-start=\"1229\" data-end=\"1278\">Lei Complementar n\u00ba 131/2009 (Lei Capiberibe)</strong>: obriga a divulga\u00e7\u00e3o, em tempo real, de dados sobre a execu\u00e7\u00e3o or\u00e7ament\u00e1ria e financeira dos entes federativos.</p>\r\n</li>\r\n<li data-start=\"1391\" data-end=\"1565\">\r\n<p data-start=\"1393\" data-end=\"1565\"><strong data-start=\"1393\" data-end=\"1458\">Lei de Responsabilidade Fiscal (Lei Complementar n\u00ba 101/2000)</strong>: estabelece normas para a gest\u00e3o fiscal respons\u00e1vel, incluindo a transpar\u00eancia como princ\u00edpio fundamental.</p>\r\n</li>\r\n<li data-start=\"1566\" data-end=\"1750\">\r\n<p data-start=\"1568\" data-end=\"1750\"><strong data-start=\"1568\" data-end=\"1627\">Lei de Acesso \u00e0 Informa\u00e7\u00e3o (Lei Federal n\u00ba 12.527/2011)</strong>: assegura a todo cidad\u00e3o o direito de receber informa\u00e7\u00f5es de interesse pessoal ou coletivo mantidas pelos \u00f3rg\u00e3os p\u00fablicos.</p>\r\n</li>\r\n</ul>\r\n<p data-start=\"1954\" data-end=\"2125\">\ud83d\udd0d\u00a0<strong data-start=\"1957\" data-end=\"2003\">Acesse o Portal da Transpar\u00eancia da C\u00e2mara</strong>:<br data-start=\"2004\" data-end=\"2007\" /><a href=\"https://transparencia.cmfi.pr.gov.br/defaultPortalV3.aspx\" rel=\"noopener\" target=\"_new\" data-start=\"2007\" data-end=\"2125\">https://transparencia.cmfi.pr.gov.br/defaultPortalV3.aspx</a></p>\r\n</td>\r\n</tr>\r\n</tbody>\r\n</table>\r\n<table class=\"listing\">\r\n<tbody>\r\n<tr><th>\r\n<h3><a name=\"o-que---transpar-ncia-ativa-\"></a>\u00a0O QUE \u00c9 TRANSPAR\u00caNCIA ATIVA?</h3>\r\n</th></tr>\r\n<tr>\r\n<td>\r\n<p data-start=\"315\" data-end=\"577\">Transpar\u00eancia ativa \u00e9 quando o poder p\u00fablico disponibiliza informa\u00e7\u00f5es de forma espont\u00e2nea, sem que haja necessidade de solicita\u00e7\u00e3o formal do cidad\u00e3o. Isso significa publicar dados e documentos de interesse coletivo em plataformas acess\u00edveis \u2014 como o Portal da Transpar\u00eancia \u2014 permitindo que qualquer pessoa acompanhe as a\u00e7\u00f5es, gastos e decis\u00f5es da administra\u00e7\u00e3o. Essa pr\u00e1tica amplia o acesso \u00e0 informa\u00e7\u00e3o, reduz a necessidade de pedidos individuais e fortalece a cultura de abertura e controle social.</p>\r\n</td>\r\n</tr>\r\n</tbody>\r\n</table>\r\n<table class=\"listing\">\r\n<tbody>\r\n<tr><th>\r\n<h3><a name=\"o-que---transpar-ncia-passiva-\"></a>\u00a0O QUE \u00c9 TRANSPAR\u00caNCIA PASSIVA?</h3>\r\n</th></tr>\r\n<tr>\r\n<td>\r\n<p style=\"text-align: justify; \" data-start=\"315\" data-end=\"577\">Transpar\u00eancia passiva ocorre quando o poder p\u00fablico fornece informa\u00e7\u00f5es mediante solicita\u00e7\u00e3o do cidad\u00e3o. Ou seja, trata-se do atendimento a pedidos formais feitos por pessoas f\u00edsicas ou jur\u00eddicas, seja de forma presencial, por meio do Servi\u00e7o de Informa\u00e7\u00e3o ao Cidad\u00e3o (SIC), ou pela internet, atrav\u00e9s do e-SIC. Essa modalidade garante o direito de qualquer pessoa requisitar dados que ainda n\u00e3o estejam dispon\u00edveis de maneira aberta ou publicada.</p>\r\n</td>\r\n</tr>\r\n</tbody>\r\n</table>\r\n<table class=\"listing\">\r\n<tbody>\r\n<tr><th>\r\n<h3><a name=\"quais-informa--es-podem-ser-encontradas-no-portal-da-transpar-ncia-\"></a>\u00a0QUAIS INFORMA\u00c7\u00d5ES PODEM SER ENCONTRADAS NO PORTAL DA TRANSPAR\u00caNCIA?</h3>\r\n</th></tr>\r\n<tr>\r\n<td>\r\n<p>No portal voc\u00ea encontra:</p>\r\n<ul>\r\n<li><strong>Despesas:</strong> pagamentos realizados, fornecedores e empenhos;</li>\r\n<li><strong>Receitas:</strong> tributos, transfer\u00eancias e repasses;</li>\r\n<li><strong>Folha de pagamento:</strong> cargos, fun\u00e7\u00f5es e remunera\u00e7\u00e3o dos servidores e vereadores;</li>\r\n<li><strong>Licita\u00e7\u00f5es e contratos:</strong> editais, atas, extratos, aditivos e execu\u00e7\u00e3o contratual;</li>\r\n<li><strong>Conv\u00eanios e parcerias:</strong> valores repassados, objeto e vig\u00eancia;</li>\r\n<li><strong>Patrim\u00f4nio:</strong> bens m\u00f3veis e im\u00f3veis;</li>\r\n<li><strong>Relat\u00f3rios fiscais:</strong> RREO, RGF, balan\u00e7os e demonstrativos cont\u00e1beis.</li>\r\n</ul>\r\n</td>\r\n</tr>\r\n</tbody>\r\n</table>\r\n<table class=\"listing\">\r\n<tbody>\r\n<tr><th>\r\n<h3><a name=\"posso-baixar-relat-rios-completos-no-portal-da-transpar-ncia-\"></a>\u00a0POSSO BAIXAR RELAT\u00d3RIOS COMPLETOS NO PORTAL DA TRANSPAR\u00caNCIA?</h3>\r\n</th></tr>\r\n<tr>\r\n<td>\r\n<p>Sim. Em cada m\u00f3dulo do portal h\u00e1 a op\u00e7\u00e3o para imprimir e exportar em formatos <strong>PDF</strong>, <strong>Excel (.xls), .TXT, .CSV, .RTF e .DOC</strong>.<br /> Isso permite ao cidad\u00e3o elaborar an\u00e1lises pr\u00f3prias ou compartilhar as informa\u00e7\u00f5es.</p>\r\n</td>\r\n</tr>\r\n</tbody>\r\n</table>\r\n<table class=\"listing\">\r\n<tbody>\r\n<tr><th>\r\n<h3><a name=\"o-portal-da-transpar-ncia---acess-vel-para-pessoas-com-defici-ncia-\"></a>\u00a0O PORTAL DA TRANSPAR\u00caNCIA \u00c9 ACESS\u00cdVEL PARA PESSOAS COM DEFICI\u00caNCIA?</h3>\r\n</th></tr>\r\n<tr>\r\n<td>\r\n<p data-start=\"315\" data-end=\"577\">Sim. O sistema segue padr\u00f5es de <strong>acessibilidade digital (WCAG 2.1)</strong>, com recursos de contraste, aumento de fonte e compatibilidade com leitores de tela.</p>\r\n</td>\r\n</tr>\r\n</tbody>\r\n</table>", "author_name": "Interlegis", "version": "1.0", "author_url": "https://www.fozdoiguacu.pr.leg.br/author/Interlegis", "provider_name": "C\u00e2mara Municipal de Foz do Igua\u00e7u - PR", "type": "rich"}