{"provider_url": "https://www.fozdoiguacu.pr.leg.br", "title": "Nota de Pesar", "html": "<p style=\"text-align: justify; \">A C\u00e2mara Municipal de Foz do Igua\u00e7u manifesta profundo pesar pelo falecimento do ex-vereador Heliar Ant\u00f4nio Moreira, ocorrido nesta ter\u00e7a-feira, 10 de mar\u00e7o de 2026, em Curitiba (PR).</p>\r\n<p style=\"text-align: justify; \">Nascido em 03 de janeiro de 1950, Heliar Ant\u00f4nio Moreira exerceu mandato como vereador em Foz do Igua\u00e7u entre os anos de 1993 e 2000, per\u00edodo em que contribuiu com o debate democr\u00e1tico e com iniciativas voltadas ao desenvolvimento do munic\u00edpio, deixando sua marca na hist\u00f3ria do Poder Legislativo igua\u00e7uense.</p>\r\n<p style=\"text-align: justify; \">Neste momento de dor, a C\u00e2mara Municipal de Foz do Igua\u00e7u se solidariza com os familiares, amigos e todos que conviveram com o ex-vereador, desejando for\u00e7a e conforto para enfrentar esta perda.</p>\r\n<p style=\"text-align: justify; \">O vel\u00f3rio ser\u00e1 realizado no dia 11 de mar\u00e7o de 2026, a partir das 7 horas, na Capela Vaticano \u2013 sala Turquesa, localizada na Avenida Desembargador Hugo Simas, n\u00ba 26, bairro Bom Retiro, em Curitiba (PR). A cerim\u00f4nia de despedida est\u00e1 prevista para as 14 horas no mesmo local. Conforme informado pela fam\u00edlia, n\u00e3o haver\u00e1 sepultamento, pois o corpo ser\u00e1 cremado.</p>\r\n<p style=\"text-align: justify; \">C\u00e2mara Municipal de Foz do Igua\u00e7u</p>", "author_name": "", "version": "1.0", "author_url": "https://www.fozdoiguacu.pr.leg.br/author/ptriches", "provider_name": "C\u00e2mara Municipal de Foz do Igua\u00e7u - PR", "type": "rich"}