{"provider_url": "https://www.fozdoiguacu.pr.leg.br", "title": "S\u00edmbolos de Foz ", "html": "<p>\u00a0</p>\r\n<table class=\"invisible\">\r\n<tbody>\r\n<tr><th>\r\n<p><img src=\"https://www.fozdoiguacu.pr.leg.br/institucional/fotos/simbolos-de-foz/bandeira-de-foz-do-iguacu.jpg/@@images/b73c186e-36ed-4e3f-a2d2-eacb9fa08e1e.jpeg\" alt=\"Bandeira de Foz do Igua\u00e7u.jpg\" class=\"image-inline\" title=\"Bandeira de Foz do Igua\u00e7u.jpg\" /></p>\r\n</th><th>\r\n<h3 class=\"visualClear image-left\" style=\"text-align: justify; \">A Bandeira\u00a0possui um campo verde, que representa as riquezas naturais da cidade. O Bras\u00e3o ao centro da bandeira simboliza o governo municipal e o ret\u00e2ngulo representa a pr\u00f3pria cidade, sede do munic\u00edpio. As faixas que comp\u00f5em a bandeira representam o Poder Municipal e as diversas atividades rurais, comerciais e industriais que formam a economia do munic\u00edpio.</h3>\r\n</th><th>\r\n<h3 class=\"visualClear image-left\"></h3>\r\n</th><th></th><th></th><th></th><th></th><th></th><th></th><th></th><th></th><th>\r\n<h3 class=\"visualClear image-left\"></h3>\r\n</th><th>\r\n<h3 class=\"visualClear image-left\"></h3>\r\n</th><th>\r\n<h3 class=\"visualClear image-left\"></h3>\r\n</th><th>\r\n<h3 class=\"visualClear image-left\"></h3>\r\n</th><th>\r\n<h3 class=\"visualClear image-left\"></h3>\r\n</th><th>\r\n<h3 class=\"visualClear image-left\"></h3>\r\n</th><th>\r\n<h3 class=\"visualClear image-left\"></h3>\r\n</th><th>\r\n<h3 class=\"visualClear image-left\"></h3>\r\n</th><th>\r\n<h3 class=\"visualClear image-left\"></h3>\r\n</th><th>\r\n<h3 class=\"visualClear image-left\"></h3>\r\n</th><th>\r\n<h3 class=\"visualClear image-left\"></h3>\r\n</th><th>\r\n<h3 class=\"visualClear image-left\"></h3>\r\n</th><th>\r\n<h3 class=\"visualClear image-left\"></h3>\r\n</th><th>\r\n<h3 class=\"visualClear image-left\"></h3>\r\n</th><th>\r\n<h3 class=\"visualClear image-left\"></h3>\r\n</th><th>\r\n<h3 class=\"visualClear image-left\"></h3>\r\n</th><th>\r\n<h3 class=\"visualClear image-left\"></h3>\r\n</th></tr>\r\n</tbody>\r\n</table>\r\n<table class=\"invisible\">\r\n<tbody>\r\n<tr><th class=\"autoFlowPlayer audio image-right\" colspan=\"4\">\r\n<p class=\"callout\" style=\"text-align: justify; \"><strong>O Bras\u00e3o</strong><span>\u00a0possui um escudo, o qual lembra a forma dos primeiros escudos introduzidos em Portugal, evocando os principais colonizadores do Brasil. A cor azul alude o c\u00e9u e tamb\u00e9m \u00e9 s\u00edmbolo de nobreza do povo Igua\u00e7uense. No principal escudo encontram-se tr\u00eas dos principais pontos tur\u00edsticos de Foz do Igua\u00e7u: Ponte Tancredo Neves, tamb\u00e9m conhecida como Ponte da Fraternidade (Liga Brasil e Argentina); Ponte Internacional da Amizade, a qual liga Brasil e Paraguai e ao centro das duas pontes est\u00e1 o Marco das Tr\u00eas Fronteiras, onde acontece a conflu\u00eancia dos Rios Paran\u00e1 e Igua\u00e7u. J\u00e1 no centro do escudo est\u00e3o os saltos das Cataratas do Igua\u00e7u e da Usina Hidrel\u00e9trica de Itaipu Binacional.</span></p>\r\n</th><th></th><th></th><th>\r\n<p><img src=\"https://www.fozdoiguacu.pr.leg.br/institucional/fotos/simbolos-de-foz/brasao-oficial.png/@@images/172430ba-dd20-481f-a345-1d04d7e3b1a7.png\" alt=\"Bras\u00e3o Oficial\" class=\"image-inline\" title=\"Bras\u00e3o Oficial\" /></p>\r\n</th></tr>\r\n</tbody>\r\n</table>\r\n<h3><strong style=\"text-align: justify; \"><br /></strong></h3>\r\n<p><strong style=\"text-align: justify; \"><br /></strong></p>\r\n<h3><strong style=\"text-align: justify; \">O Hino</strong><span style=\"text-align: justify; \"> a Foz do Igua\u00e7u tamb\u00e9m \u00e9 um s\u00edmbolo do munic\u00edpio, fixado pela lei 528/1968. A letra do Hino \u00e9 de autoria de Francisco Pereira da Silva e a M\u00fasica de Ivanildo Rafael.</span></h3>\r\n<table class=\"listing\">\r\n<tbody>\r\n<tr><th>\r\n<p>\u00a0<span style=\"text-align: center; \">\u00a0 \u00a0 \u00a0 \u00a0 \u00a0 \u00a0 \u00a0</span></p>\r\n<p><span style=\"text-align: center; \"></span>\u00a0\u00a0<a title=\"\" style=\"text-align: center; \" href=\"https://www.fozdoiguacu.pr.leg.br/institucional/fotos/simbolos-de-foz/hino-oficial-de-foz-do-iguacu.jpg/image\" class=\"external-link\" target=\"_self\"><img src=\"https://www.fozdoiguacu.pr.leg.br/institucional/fotos/simbolos-de-foz/hino-oficial-de-foz-do-iguacu.jpg/@@images/f9e90bf3-579c-452c-8af2-48705ca65c5c.jpeg\" alt=\"Hino Oficial de Foz do Igua\u00e7u.jpg\" class=\"image-inline\" title=\"Hino Oficial de Foz do Igua\u00e7u.jpg\" /></a><span style=\"text-align: center; \">\u00a0 \u00a0 \u00a0 \u00a0 \u00a0 \u00a0 \u00a0 \u00a0 \u00a0 \u00a0 \u00a0 \u00a0\u00a0</span></p>\r\n</th><th>\r\n<p style=\"text-align: center; \">\u00a0</p>\r\n<p style=\"text-align: center; \">\u00a0 \u00a0 \u00a0 \u00a0 \u00a0 \u00a0 \u00a0 \u00a0\u00a0<iframe src=\"https://www.youtube.com/embed/6MfkMdYOSp8\" width=\"400\" height=\"300\" frameborder=\"0\" style=\"\"></iframe>\u00a0 \u00a0 \u00a0 \u00a0 \u00a0 \u00a0 \u00a0 \u00a0 \u00a0 \u00a0 \u00a0 \u00a0</p>\r\n</th></tr>\r\n</tbody>\r\n</table>\r\n<p>\u00a0</p>\r\n<table class=\"invisible\">\r\n<tbody>\r\n<tr><th>\r\n<p><img src=\"https://www.fozdoiguacu.pr.leg.br/institucional/fotos/simbolos-de-foz/ipe-roxo.jpg/@@images/2606a30f-bc2a-481a-bebb-ae0fc80b8286.jpeg\" alt=\"Ip\u00ea Roxo.jpg\" class=\"image-inline\" title=\"Ip\u00ea Roxo.jpg\" /></p>\r\n</th><th>\r\n<h3 class=\"visualClear image-left\" style=\"text-align: justify; \"><strong>O Ip\u00ea Roxo</strong>\u00a0(Tabebuia Avelianadae) tamb\u00e9m consiste em um s\u00edmbolo da cidade, estabelecido pela Lei n\u00ba 1889 de 18/09/1994. Sua data comemorativa anual ficou institu\u00edda no dia 21 de setembro (Dia da \u00c1rvore). Com a Legisla\u00e7\u00e3o Municipal, o Ip\u00ea Roxo ficou imune ao corte em toda a \u00e1rea do Munic\u00edpio de Foz do Igua\u00e7u, salvo em situa\u00e7\u00f5es de extrema necessidade, ap\u00f3s criteriosa avalia\u00e7\u00e3o e autoriza\u00e7\u00e3o pela Secretaria Municipal do Meio Ambiente.</h3>\r\n</th><th>\r\n<h3 class=\"visualClear image-left\"></h3>\r\n</th><th></th><th></th><th></th><th></th><th></th><th>\r\n<h3 class=\"visualClear image-left\"></h3>\r\n</th><th>\r\n<h3 class=\"visualClear image-left\"></h3>\r\n</th><th>\r\n<h3 class=\"visualClear image-left\"></h3>\r\n</th><th>\r\n<h3 class=\"visualClear image-left\"></h3>\r\n</th><th>\r\n<h3 class=\"visualClear image-left\"></h3>\r\n</th><th>\r\n<h3 class=\"visualClear image-left\"></h3>\r\n</th><th>\r\n<h3 class=\"visualClear image-left\"></h3>\r\n</th><th>\r\n<h3 class=\"visualClear image-left\"></h3>\r\n</th><th>\r\n<h3 class=\"visualClear image-left\"></h3>\r\n</th><th>\r\n<h3 class=\"visualClear image-left\"></h3>\r\n</th><th>\r\n<h3 class=\"visualClear image-left\"></h3>\r\n</th><th>\r\n<h3 class=\"visualClear image-left\"></h3>\r\n</th><th>\r\n<h3 class=\"visualClear image-left\"></h3>\r\n</th><th>\r\n<h3 class=\"visualClear image-left\"></h3>\r\n</th><th>\r\n<h3 class=\"visualClear image-left\"></h3>\r\n</th></tr>\r\n</tbody>\r\n</table>\r\n<p style=\"text-align: left; \"><span>\u00a0</span><span style=\"text-align: justify; \">\u00a0</span></p>\r\n<hr />", "author_name": "", "version": "1.0", "author_url": "https://www.fozdoiguacu.pr.leg.br/author/comunicacao", "provider_name": "C\u00e2mara Municipal de Foz do Igua\u00e7u - PR", "type": "rich"}